{"id":6991,"date":"2016-07-21T09:37:02","date_gmt":"2016-07-21T08:37:02","guid":{"rendered":"http:\/\/handballratingen.de\/wp\/?p=6991"},"modified":"2019-02-21T13:46:51","modified_gmt":"2019-02-21T12:46:51","slug":"die-erste-damenmannschaft-blickt-zuversichtlich-auf-die-neue-spielzeit","status":"publish","type":"post","link":"https:\/\/www.handballratingen.de\/wp\/?p=6991","title":{"rendered":"Die erste Damenmannschaft blickt zuversichtlich auf die neue Spielzeit"},"content":{"rendered":"<p>Wir m\u00fcssen zugeben, es war in letzter Zeit sehr ruhig in der Berichterstattung um die Damen. Doch im Stillen ist so einiges passiert. Besser sp\u00e4t als nie, nutzen wir die Sommerpause und bringen Euch mal auf den neusten Stand der Dinge.<\/p>\n<p>Beginnen wir mit einem kurzen R\u00fcckblick auf die vergangene Saison 2015\/16. Obwohl es nicht immer einfach war, sich das junge und relativ frisch zusammengew\u00fcrfelte Team noch in der Findungsphase befunden hat und viele H\u00f6hen und Tiefen in der Saison so manches Spiel vielleicht erschwert haben, hat die Mannschaft am Ende einen sicheren sechsten Tabellenplatz in der Landesliga ergattert. Mit deutlichem Abstand zum nachfolgenden siebten Platz war der Klassenerhalt schon fr\u00fchzeitig gesichert, wobei man sagen muss, dass der Tabellenplatz am Ende nur ein mittlerer Erfolg war. Viele Spiele hat man leichtfertig hergegeben, sodass man im Endeffekt unter den Top 3 der Liga h\u00e4tte landen k\u00f6nnen. Doch was nicht ist kann ja noch werden.<\/p>\n<p>Die kommende Saison bringt n\u00e4mlich nochmal ein paar Ver\u00e4nderungen mit sich: Trainer Kevin Michalski hatte ja schon w\u00e4hrend der Saison verk\u00fcndet, dass er die Spielzeit 2015\/16 zwar noch gemeinsam mit dem Team beendet, allerdings nach der Saison nicht mehr als Coach zur Verf\u00fcgung stehen wird. Nach einer intensiven Trainersuche, diversen Probetrainings und Mannschaftsbesprechungen ist es nicht nur ein neuer Trainer geworden, sondern gleich ein Gespann. Rudi und Cordi sind die zwei Trainer, die das Team durch die neue Spielzeit f\u00fchren werden. Wir werden die beiden an dieser Stelle in den n\u00e4chsten Tagen ausf\u00fchrlich vorstellen.<\/p>\n<p>Nun zum derzeitigen Stand der Dinge: Die Vorbereitung l\u00e4uft seit dem 01.06.2016. So haben Trainer-Team und Mannschaft genug Zeit, sich aufeinander einzustimmen, sich auf die kommende Spielzeit vorzubereiten und auch sich als Mannschaft zu finden. Laufeinheiten, Stabi\u00fcbungen und Hallentraining sollen die M\u00e4dels auf H\u00f6chstleistung bringen. Motivation, Teamgeist und Einsatzbereitschaft werden gef\u00f6rdert und gest\u00e4rkt.<\/p>\n<p>Kleiner Break der Vorbereitung war die Mannschaftsfahrt vom 24. bis 26. Juni. Hier konnte man noch einmal die vergangene Saison revuepassieren lassen und ohne Trainer ein wenig eskalieren \ud83d\ude09 Zudem bot das Beachturnier eine sandige Abwechslung. Apropos Abwechslung, die bot das Wetter n\u00e4mlich auch. Angefangen bei einer steifen Ostseebrise, bis hin zur Turnierunterbrechung wegen Gewitters hatten die M\u00e4dels nur selten wirklich Sonne. Die zeigte sich erst am Abreisetag wieder. Aber egal wie mies das Wetter zeitweise sein mochte, die Gem\u00fcter waren so gut wie immer sonnig \ud83d\ude42 Und wenn man einmal nass war, war es auch voll ok gleich komplett in die Ostsee zu springen oder jede Pf\u00fctze als Einladung zum Hineinh\u00fcpfen zu nehmen.<\/p>\n<p>Im Folgenden die Zu- und Abg\u00e4nge im Spielerkader: Neu dabei in der Saison 2016\/17 sind bis jetzt, Xenia Trippel, Ronja Mantyk und Carolin Mentzen, zudem ist Jenny Budnik zur\u00fcck aus Schweden. Anne Holtmeier steht wegen ihres Studiums nicht mehr zur Verf\u00fcgung. Leider haben wir auch einen Verletztenfall zu vermerken. In der Vorbereitung hat sich Monja Szkodny an der Hand so schwer verletzt, dass sie operiert werden musste und erstmal auf unbestimmte Zeit, wohl aber die gesamte Saison, ausf\u00e4llt. Wir w\u00fcnschen weiterhin gute Genesung und ein baldiges Come Back!<\/p>\n<p>So, jetzt seid Ihr wieder grob auf dem Stand der Dinge, was alles so bei den Damen los war. Sp\u00e4testens zu Saisonbeginn gibt es dann wieder regelm\u00e4\u00dfige Berichterstattung. Bis dahin werden die Damen noch so einige Kilometer laufen, etliche Minuten Stabi\u00fcbungen machen und so einiges an Schwei\u00df verlieren.<\/p>\n<p>Verena Meschig f\u00fcr die erste Damenmannschaft<\/p>\n","protected":false},"excerpt":{"rendered":"<p>Wir m\u00fcssen zugeben, es war in letzter Zeit sehr ruhig in der Berichterstattung um die Damen. Doch im Stillen ist so einiges passiert. Besser sp\u00e4t als nie, nutzen wir die Sommerpause und bringen Euch mal auf den neusten Stand der Dinge. Beginnen wir mit einem kurzen R\u00fcckblick auf die vergangene  [&#8230;]<\/p>\n","protected":false},"author":24,"featured_media":6992,"comment_status":"closed","ping_status":"open","sticky":false,"template":"","format":"standard","meta":{"ngg_post_thumbnail":0,"jetpack_post_was_ever_published":false,"_jetpack_newsletter_access":"","_jetpack_dont_email_post_to_subs":false,"_jetpack_newsletter_tier_id":0,"_jetpack_memberships_contains_paywalled_content":false,"_jetpack_memberships_contains_paid_content":false,"footnotes":"","jetpack_publicize_message":"","jetpack_publicize_feature_enabled":true,"jetpack_social_post_already_shared":true,"jetpack_social_options":{"image_generator_settings":{"template":"highway","default_image_id":0,"font":"","enabled":false},"version":2}},"categories":[15],"tags":[],"class_list":["post-6991","post","type-post","status-publish","format-standard","has-post-thumbnail","hentry","category-damen"],"jetpack_publicize_connections":[],"jetpack_featured_media_url":"https:\/\/www.handballratingen.de\/wp\/wp-content\/uploads\/2016\/07\/20160626_1D1F_trainingsreise_ostsee.jpg","jetpack_sharing_enabled":true,"jetpack_shortlink":"https:\/\/wp.me\/p4Z74q-1OL","_links":{"self":[{"href":"https:\/\/www.handballratingen.de\/wp\/index.php?rest_route=\/wp\/v2\/posts\/6991","targetHints":{"allow":["GET"]}}],"collection":[{"href":"https:\/\/www.handballratingen.de\/wp\/index.php?rest_route=\/wp\/v2\/posts"}],"about":[{"href":"https:\/\/www.handballratingen.de\/wp\/index.php?rest_route=\/wp\/v2\/types\/post"}],"author":[{"embeddable":true,"href":"https:\/\/www.handballratingen.de\/wp\/index.php?rest_route=\/wp\/v2\/users\/24"}],"replies":[{"embeddable":true,"href":"https:\/\/www.handballratingen.de\/wp\/index.php?rest_route=%2Fwp%2Fv2%2Fcomments&post=6991"}],"version-history":[{"count":1,"href":"https:\/\/www.handballratingen.de\/wp\/index.php?rest_route=\/wp\/v2\/posts\/6991\/revisions"}],"predecessor-version":[{"id":6993,"href":"https:\/\/www.handballratingen.de\/wp\/index.php?rest_route=\/wp\/v2\/posts\/6991\/revisions\/6993"}],"wp:featuredmedia":[{"embeddable":true,"href":"https:\/\/www.handballratingen.de\/wp\/index.php?rest_route=\/wp\/v2\/media\/6992"}],"wp:attachment":[{"href":"https:\/\/www.handballratingen.de\/wp\/index.php?rest_route=%2Fwp%2Fv2%2Fmedia&parent=6991"}],"wp:term":[{"taxonomy":"category","embeddable":true,"href":"https:\/\/www.handballratingen.de\/wp\/index.php?rest_route=%2Fwp%2Fv2%2Fcategories&post=6991"},{"taxonomy":"post_tag","embeddable":true,"href":"https:\/\/www.handballratingen.de\/wp\/index.php?rest_route=%2Fwp%2Fv2%2Ftags&post=6991"}],"curies":[{"name":"wp","href":"https:\/\/api.w.org\/{rel}","templated":true}]}}