{"id":7619,"date":"2016-11-06T17:55:20","date_gmt":"2016-11-06T16:55:20","guid":{"rendered":"http:\/\/handballratingen.de\/wp\/?p=7619"},"modified":"2019-02-21T13:46:47","modified_gmt":"2019-02-21T12:46:47","slug":"a2-jugend-ist-wieder-tabellenfuehrer","status":"publish","type":"post","link":"https:\/\/www.handballratingen.de\/wp\/?p=7619","title":{"rendered":"A2-Jugend ist wieder Tabellenf\u00fchrer"},"content":{"rendered":"<p>Am Samstag Nachmittag trat die A2-Jugend in der Aurinstra\u00dfe in Neuss zum Spitzenspiel beim TuS Reuschenberg an. Die A2 von Trainer Stefan Oberwinster hatte nach der entt\u00e4uschenden Niederlage gegen Norf einiges gut zumachen, da die Jungs den ersten Tabellenplatz im Vorfeld an Reuschenberg abgeben mussten. Das Ziel war daher mehr als deutlich. Nur mit einem Sieg h\u00e4tten die Dumeklemmer eine realistische Chance auf den begehrten ersten Platz. Mit dem Ausw\u00e4rtssieg in H\u00f6he von 24:30 (12:14) hat das Team geliefert und nun wieder die Tabellenf\u00fchrung inne.<\/p>\n<p>Doch das Spiel verlief anders, als die Mannschaft um Trainer Stefan Oberwinster es sich vorgestellt hatte. Durch einige unn\u00f6tige Fehler im Angriffs- und Abschlussspiel lagen die Jungs schnell relativ deutlich hinten (4:1). Von nun an musste Stefan Oberwinster die mit sieben Feldspielern personell sehr d\u00fcnn besetzte Mannschaft umstellen. Dies zeigte Wirkung, denn der TV Ratingen erk\u00e4mpfte sich in den n\u00e4chsten Minuten St\u00fcck f\u00fcr St\u00fcck den Gleichstand und ab dem Spielstand von 10:11 konnte Reuschenberg weder ausgleichen noch in F\u00fchrung gehen. Ein Grund hierf\u00fcr war die immer st\u00e4rker werdende Moral der Jungs. Leider verletzte sich dann auch der Torh\u00fcter der Reuschenberger ohne Fremdeinwirkung so stark, dass er \u00e4rztlich behandelt werden musste. Der notgedrungene Wechsel im Reuschenberger Tor spielte den Dumeklemmern in die Karten und die Torerfolge summierten sich.<\/p>\n<p>Gleichzeitig hielten beide Ratinger Torh\u00fcter viele B\u00e4lle, so dass der Sieg in immer greifbarere N\u00e4he r\u00fcckte. In einem sehr hitzigen Spitzenspiel, welches durch lediglich eine Schiedsrichterin geleitet wurde, bewiesen unsere Jungs letzten Endes den gr\u00f6\u00dferen Willen und lie\u00dfen sich auch nicht durch das lautstarke Agieren auf den Trainerb\u00e4nken aus der Ruhe bringen. Das Speil wurde relativ sicher mit 24:30 gewonnen.<\/p>\n<p>Der TV w\u00fcnscht dem verletzten Torh\u00fcter der Reuschenberger eine schnelle Genesung.<\/p>\n<p>N\u00e4chste Woche wartet schon das n\u00e4chste Highlight auf die Mannschaft. Am Samstag, den 12.11.2016 um 14:15 Uhr trifft die A2 auf die A1 zum vereinsinternen Duell am Europaring.<\/p>\n<p>Es spielten: Tom Bartmann, Sebastian G\u00f6tze (Tor), Arne von Zedlitz-Neukirch (1), Henning von der Groeben (5), Kimon Hanke (2), Cedric Schmidt (6), Philippe Todt (7), Yannick Dumeier (4) und Niklas Hasenklever (5)<\/p>\n","protected":false},"excerpt":{"rendered":"<p>Am Samstag Nachmittag trat die A2-Jugend in der Aurinstra\u00dfe in Neuss zum Spitzenspiel beim TuS Reuschenberg an. Die A2 von Trainer Stefan Oberwinster hatte nach der entt\u00e4uschenden Niederlage gegen Norf einiges gut zumachen, da die Jungs den ersten Tabellenplatz im Vorfeld an Reuschenberg abgeben mussten. Das Ziel war daher mehr  [&#8230;]<\/p>\n","protected":false},"author":24,"featured_media":7531,"comment_status":"closed","ping_status":"open","sticky":false,"template":"","format":"standard","meta":{"ngg_post_thumbnail":0,"jetpack_post_was_ever_published":false,"_jetpack_newsletter_access":"","_jetpack_dont_email_post_to_subs":false,"_jetpack_newsletter_tier_id":0,"_jetpack_memberships_contains_paywalled_content":false,"_jetpack_memberships_contains_paid_content":false,"footnotes":"","jetpack_publicize_message":"","jetpack_publicize_feature_enabled":true,"jetpack_social_post_already_shared":true,"jetpack_social_options":{"image_generator_settings":{"template":"highway","default_image_id":0,"font":"","enabled":false},"version":2}},"categories":[17],"tags":[],"class_list":["post-7619","post","type-post","status-publish","format-standard","has-post-thumbnail","hentry","category-a-jugend"],"jetpack_publicize_connections":[],"jetpack_featured_media_url":"https:\/\/www.handballratingen.de\/wp\/wp-content\/uploads\/2016\/10\/DSC_3232.jpg","jetpack_sharing_enabled":true,"jetpack_shortlink":"https:\/\/wp.me\/p4Z74q-1YT","_links":{"self":[{"href":"https:\/\/www.handballratingen.de\/wp\/index.php?rest_route=\/wp\/v2\/posts\/7619","targetHints":{"allow":["GET"]}}],"collection":[{"href":"https:\/\/www.handballratingen.de\/wp\/index.php?rest_route=\/wp\/v2\/posts"}],"about":[{"href":"https:\/\/www.handballratingen.de\/wp\/index.php?rest_route=\/wp\/v2\/types\/post"}],"author":[{"embeddable":true,"href":"https:\/\/www.handballratingen.de\/wp\/index.php?rest_route=\/wp\/v2\/users\/24"}],"replies":[{"embeddable":true,"href":"https:\/\/www.handballratingen.de\/wp\/index.php?rest_route=%2Fwp%2Fv2%2Fcomments&post=7619"}],"version-history":[{"count":1,"href":"https:\/\/www.handballratingen.de\/wp\/index.php?rest_route=\/wp\/v2\/posts\/7619\/revisions"}],"predecessor-version":[{"id":7620,"href":"https:\/\/www.handballratingen.de\/wp\/index.php?rest_route=\/wp\/v2\/posts\/7619\/revisions\/7620"}],"wp:featuredmedia":[{"embeddable":true,"href":"https:\/\/www.handballratingen.de\/wp\/index.php?rest_route=\/wp\/v2\/media\/7531"}],"wp:attachment":[{"href":"https:\/\/www.handballratingen.de\/wp\/index.php?rest_route=%2Fwp%2Fv2%2Fmedia&parent=7619"}],"wp:term":[{"taxonomy":"category","embeddable":true,"href":"https:\/\/www.handballratingen.de\/wp\/index.php?rest_route=%2Fwp%2Fv2%2Fcategories&post=7619"},{"taxonomy":"post_tag","embeddable":true,"href":"https:\/\/www.handballratingen.de\/wp\/index.php?rest_route=%2Fwp%2Fv2%2Ftags&post=7619"}],"curies":[{"name":"wp","href":"https:\/\/api.w.org\/{rel}","templated":true}]}}