{"id":7673,"date":"2016-11-15T15:10:46","date_gmt":"2016-11-15T14:10:46","guid":{"rendered":"http:\/\/handballratingen.de\/wp\/?p=7673"},"modified":"2016-11-15T15:10:46","modified_gmt":"2016-11-15T14:10:46","slug":"zwote-behauptet-mit-3424-eindrucksvoll-die-tabellenfuehrung-gegen-wersten","status":"publish","type":"post","link":"https:\/\/www.handballratingen.de\/wp\/?p=7673","title":{"rendered":"Zwote behauptet mit 34:24 eindrucksvoll die Tabellenf\u00fchrung gegen Wersten"},"content":{"rendered":"<p>So deutlich, wie es das Ergebnis vermuten l\u00e4sst, war das Spitzenspiel zwischen dem TV Ratingen II und dem SV Wersten 04 am Samstagabend l\u00e4ngst nicht. Der 34:24-Sieg ist am Ende verdient und \u00fcberraschend deutlich, das Spiel jedoch war \u00fcber lange Zeit ausgeglichen. Dank des Sieges und der vollkommen \u00fcberraschenden Niederlage des Tabellenzweiten TuS Lintorf in Gruiten behauptet die Zwote die Tabellenf\u00fchrung und baut den Vorsprung auf die Verfolgerteams aus Lintorf, Neuss und SFD D\u00fcsseldorf bereits auf drei Punkte aus. Entsprechend gro\u00df war der Jubel nach dem Spiel am Europaring.<\/p>\n<p>Bis dahin war es aber der erwartet schwere Weg zum Sieg. Die erste Halbzeit war \u00fcber die gesamten 30 Minuten komplett ausgeglichen. Die F\u00fchrung wankte hin und her. Richtig absetzen konnte sich keine Mannschaft. Mit einem kleinen Zwischenspurt vor der Pause konnten die Gr\u00fcn-Wei\u00dfen zumindest beim Stand von 16:14 mit einer Zwei-Tore-F\u00fchrung in die Pause gehen.<\/p>\n<p>Diese F\u00fchrung war nach der Pause jedoch schnell wieder weg. Wersten drehte das Spiel zum 18:19. Es war die schw\u00e4chste Phase des Spiels der Zwoten. Trainer Niklas Vogel hatte bereits die gr\u00fcne Karte in der Hand und wollte die Auszeit nehmen. Nach zwei Umstellungen fing sich das Team wieder und holte zur st\u00e4rksten und entscheidenden Phase aus. Mit einem 8:0-Lauf enteilte die Zwote von 22:21 auf 30:21 und brach die Werstener Gegenwehr. Das Spiel war nun entschieden. Insbesondere der starken Defensive war dies zu verdanken. Wersten fiel mit zunehmender Spielzeit immer weniger ein und Ratingen fuhr zahlreiche Konter.<\/p>\n<p>Trainer Niklas Vogel ist nach dem Spiel vollen Lobes f\u00fcr sein Team: \u201eEs freut mich sehr zu sehen, mit welcher Ruhe das Team zu Werke geht. \u00c4hnlich wie gegen Neuss haben wir den Gegner so nach und nach m\u00fcrbe gemacht und das Spiel verdient gewonnen. Es zahlt sich derzeit aus, dass wir in den vier spielfreien Wochen so viel gearbeitet haben. Das werden wir auch beibehalten.\u201c. Ein Sonderlob verdiente sich Mittelmann Fabian Sarafin, der mit sieben Toren erfolgreich war und sein st\u00e4rkstes Saisonspiel ablieferte.<\/p>\n<p>F\u00fcr die Zwote steht nun ein spielfreies Wochenende an, ehe es dann am 26.11.16 ausw\u00e4rts zum Derby gegen den TuS Lintorf II kommt. Lintorf ist ebenfalls sehr gut in die Saison gestartet und in der Verfolgerrolle. Vollkommen klar, dass die Punkte mit zur\u00fcck zum Europaring genommen werden sollen. (-nv)<\/p>\n<p>Es spielten: Scholz, Vorberg \u2013 Sch\u00e4per (1), Gl\u00f6ckler (6), M. Zietz (3), B. Jochems (5), Sarafin (7), Remke (2), P. Jochems (6), Lohrenz (3), Schmidt, Fuck (1), R. Zietz<\/p>\n","protected":false},"excerpt":{"rendered":"<p>So deutlich, wie es das Ergebnis vermuten l\u00e4sst, war das Spitzenspiel zwischen dem TV Ratingen II und dem SV Wersten 04 am Samstagabend l\u00e4ngst nicht. Der 34:24-Sieg ist am Ende verdient und \u00fcberraschend deutlich, das Spiel jedoch war \u00fcber lange Zeit ausgeglichen. Dank des Sieges und der vollkommen \u00fcberraschenden Niederlage  [&#8230;]<\/p>\n","protected":false},"author":24,"featured_media":7674,"comment_status":"closed","ping_status":"open","sticky":false,"template":"","format":"standard","meta":{"ngg_post_thumbnail":0,"jetpack_post_was_ever_published":false,"_jetpack_newsletter_access":"","_jetpack_dont_email_post_to_subs":false,"_jetpack_newsletter_tier_id":0,"_jetpack_memberships_contains_paywalled_content":false,"_jetpack_memberships_contains_paid_content":false,"footnotes":"","jetpack_publicize_message":"","jetpack_publicize_feature_enabled":true,"jetpack_social_post_already_shared":true,"jetpack_social_options":{"image_generator_settings":{"template":"highway","default_image_id":0,"font":"","enabled":false},"version":2}},"categories":[11],"tags":[],"class_list":["post-7673","post","type-post","status-publish","format-standard","has-post-thumbnail","hentry","category-2-herren"],"jetpack_publicize_connections":[],"jetpack_featured_media_url":"https:\/\/www.handballratingen.de\/wp\/wp-content\/uploads\/2016\/11\/k-DSC_0177.jpg","jetpack_sharing_enabled":true,"jetpack_shortlink":"https:\/\/wp.me\/p4Z74q-1ZL","_links":{"self":[{"href":"https:\/\/www.handballratingen.de\/wp\/index.php?rest_route=\/wp\/v2\/posts\/7673","targetHints":{"allow":["GET"]}}],"collection":[{"href":"https:\/\/www.handballratingen.de\/wp\/index.php?rest_route=\/wp\/v2\/posts"}],"about":[{"href":"https:\/\/www.handballratingen.de\/wp\/index.php?rest_route=\/wp\/v2\/types\/post"}],"author":[{"embeddable":true,"href":"https:\/\/www.handballratingen.de\/wp\/index.php?rest_route=\/wp\/v2\/users\/24"}],"replies":[{"embeddable":true,"href":"https:\/\/www.handballratingen.de\/wp\/index.php?rest_route=%2Fwp%2Fv2%2Fcomments&post=7673"}],"version-history":[{"count":1,"href":"https:\/\/www.handballratingen.de\/wp\/index.php?rest_route=\/wp\/v2\/posts\/7673\/revisions"}],"predecessor-version":[{"id":7675,"href":"https:\/\/www.handballratingen.de\/wp\/index.php?rest_route=\/wp\/v2\/posts\/7673\/revisions\/7675"}],"wp:featuredmedia":[{"embeddable":true,"href":"https:\/\/www.handballratingen.de\/wp\/index.php?rest_route=\/wp\/v2\/media\/7674"}],"wp:attachment":[{"href":"https:\/\/www.handballratingen.de\/wp\/index.php?rest_route=%2Fwp%2Fv2%2Fmedia&parent=7673"}],"wp:term":[{"taxonomy":"category","embeddable":true,"href":"https:\/\/www.handballratingen.de\/wp\/index.php?rest_route=%2Fwp%2Fv2%2Fcategories&post=7673"},{"taxonomy":"post_tag","embeddable":true,"href":"https:\/\/www.handballratingen.de\/wp\/index.php?rest_route=%2Fwp%2Fv2%2Ftags&post=7673"}],"curies":[{"name":"wp","href":"https:\/\/api.w.org\/{rel}","templated":true}]}}