{"id":7724,"date":"2016-11-30T14:56:45","date_gmt":"2016-11-30T13:56:45","guid":{"rendered":"http:\/\/handballratingen.de\/wp\/?p=7724"},"modified":"2016-11-30T14:56:45","modified_gmt":"2016-11-30T13:56:45","slug":"bildergalerie-vom-spielefest-der-f-jugend-am-europaring","status":"publish","type":"post","link":"https:\/\/www.handballratingen.de\/wp\/?p=7724","title":{"rendered":"Bildergalerie vom Spielefest der F-Jugend am Europaring"},"content":{"rendered":"<p>Sieben Teams aus f\u00fcnf Vereinen, motivierte Kinder auf dem Handballfeld und beim Geschicklichkeitsparcours, gro\u00dfe Unterst\u00fctzung beim Aufbau, bei der Durchf\u00fchrung und beim Catering durch Eltern und Spielerinnen und Spieler aus den Seniorenteams &#8211; der Tag war ein voller Erfolg. Und hier gibt es die Bilder dazu. (Fotos: -mo)<\/p>\n<div class=\"fb-post\" data-href=\"https:\/\/www.facebook.com\/TVRatingen.Handball\/posts\/1384066328324738\" data-width=\"552\" style=\"background-color: #fff; display: inline-block;\"><\/div>\n","protected":false},"excerpt":{"rendered":"<p>Sieben Teams aus f\u00fcnf Vereinen, motivierte Kinder auf dem Handballfeld und beim Geschicklichkeitsparcours, gro\u00dfe Unterst\u00fctzung beim Aufbau, bei der Durchf\u00fchrung und beim Catering durch Eltern und Spielerinnen und Spieler aus den Seniorenteams &#8211; der Tag war ein voller Erfolg. Und hier gibt es die Bilder dazu. (Fotos: -mo)<\/p>\n","protected":false},"author":24,"featured_media":6615,"comment_status":"closed","ping_status":"open","sticky":false,"template":"","format":"standard","meta":{"ngg_post_thumbnail":0,"jetpack_post_was_ever_published":false,"_jetpack_newsletter_access":"","_jetpack_dont_email_post_to_subs":false,"_jetpack_newsletter_tier_id":0,"_jetpack_memberships_contains_paywalled_content":false,"_jetpack_memberships_contains_paid_content":false,"footnotes":"","jetpack_publicize_message":"","jetpack_publicize_feature_enabled":true,"jetpack_social_post_already_shared":true,"jetpack_social_options":{"image_generator_settings":{"template":"highway","default_image_id":0,"font":"","enabled":false},"version":2}},"categories":[27,62],"tags":[],"class_list":["post-7724","post","type-post","status-publish","format-standard","has-post-thumbnail","hentry","category-f-jugend-2","category-fotoserie"],"jetpack_publicize_connections":[],"jetpack_featured_media_url":"https:\/\/www.handballratingen.de\/wp\/wp-content\/uploads\/2016\/02\/fotogallerie_facebook.jpg","jetpack_sharing_enabled":true,"jetpack_shortlink":"https:\/\/wp.me\/p4Z74q-20A","_links":{"self":[{"href":"https:\/\/www.handballratingen.de\/wp\/index.php?rest_route=\/wp\/v2\/posts\/7724","targetHints":{"allow":["GET"]}}],"collection":[{"href":"https:\/\/www.handballratingen.de\/wp\/index.php?rest_route=\/wp\/v2\/posts"}],"about":[{"href":"https:\/\/www.handballratingen.de\/wp\/index.php?rest_route=\/wp\/v2\/types\/post"}],"author":[{"embeddable":true,"href":"https:\/\/www.handballratingen.de\/wp\/index.php?rest_route=\/wp\/v2\/users\/24"}],"replies":[{"embeddable":true,"href":"https:\/\/www.handballratingen.de\/wp\/index.php?rest_route=%2Fwp%2Fv2%2Fcomments&post=7724"}],"version-history":[{"count":1,"href":"https:\/\/www.handballratingen.de\/wp\/index.php?rest_route=\/wp\/v2\/posts\/7724\/revisions"}],"predecessor-version":[{"id":7725,"href":"https:\/\/www.handballratingen.de\/wp\/index.php?rest_route=\/wp\/v2\/posts\/7724\/revisions\/7725"}],"wp:featuredmedia":[{"embeddable":true,"href":"https:\/\/www.handballratingen.de\/wp\/index.php?rest_route=\/wp\/v2\/media\/6615"}],"wp:attachment":[{"href":"https:\/\/www.handballratingen.de\/wp\/index.php?rest_route=%2Fwp%2Fv2%2Fmedia&parent=7724"}],"wp:term":[{"taxonomy":"category","embeddable":true,"href":"https:\/\/www.handballratingen.de\/wp\/index.php?rest_route=%2Fwp%2Fv2%2Fcategories&post=7724"},{"taxonomy":"post_tag","embeddable":true,"href":"https:\/\/www.handballratingen.de\/wp\/index.php?rest_route=%2Fwp%2Fv2%2Ftags&post=7724"}],"curies":[{"name":"wp","href":"https:\/\/api.w.org\/{rel}","templated":true}]}}