{"id":7812,"date":"2016-12-22T10:02:10","date_gmt":"2016-12-22T09:02:10","guid":{"rendered":"http:\/\/handballratingen.de\/wp\/?p=7812"},"modified":"2019-02-21T13:46:47","modified_gmt":"2019-02-21T12:46:47","slug":"d2-jugend-siegt-deutlich-in-eigener-halle","status":"publish","type":"post","link":"https:\/\/www.handballratingen.de\/wp\/?p=7812","title":{"rendered":"D2-Jugend siegt deutlich in eigener Halle"},"content":{"rendered":"<p>Am vergangenen Wochenende war die SG Zons beim Heimspiel der D2 zu Gast am Europaring. Die Jungs von Trainer Hendrik Averdick waren wieder personell geschw\u00e4cht, und das konnte man auch in den ersten Minuten am Spielstand sehen. In der ersten Halbzeit tat sich die Mannschaft schwer, viele Dinge wurden nicht konsequent umgesetzt. In der Abwehr passierten einige Fehler, die Torwart Christian dennoch zum Gl\u00fcck entsch\u00e4rfen konnte. Im Angriff wurde viel verworfen, wobei diese Torchancen ziemlich klar waren. Mit einem Stand von 7:3 ging es dann in die Pause.<\/p>\n<p>Nach der Pause wollte Trainer Hendrik Averdick, dass die Angriffe dynamischer und mit mehr Willen ausgespielt wurden. Diese Ansage wurde dann auch so umgesetzt. Mit viel Tempo und einer besseren Spiel\u00fcbersicht konnte sich das Team jetzt absetzen. So kam zu einem Zwischenstand von 14:3. Die jungen TVler waren den Gegnern k\u00f6rperlich und konditionell \u00fcberlegen, so wurden sch\u00f6ne Tempogegenst\u00f6\u00dfe \u00fcber Christian und Ronan zu einfachen Torerfolgen. Die klare \u00dcberlegenheit ab Mitte der ersten Halbzeit brachte einen Endstand von 21:5 f\u00fcr die Ratinger.<\/p>\n<p>Desweitern verlor die D1 knapp gegen ART D\u00fcsseldorf mit 19:15. Die zweite Halbzeit konnten die Jungs trotzdem f\u00fcr sich entscheiden.<\/p>\n<p>Das waren die letzten Spiele f\u00fcr dieses Jahr. Die D-Jugend w\u00fcnscht allen, die sie immer betreut und unterst\u00fctzt haben, frohe Weihnachten. (-ha)<\/p>\n<p>Es spielten f\u00fcr die D2:\u00a0 Christian (Tor, 1) &#8211; Benny (1), Ronan (2), Hugo (2), Raphael (1), Boran, Sana (8), Lenny (6)<\/p>\n<p>Es spielten f\u00fcr die D1:\u00a0 Jesse (Tor) , Geriet (2), Lukas (2), Paul (3), Tim (4), Till (2), Jannis, Marc, Christoph (1)<\/p>\n<p>&nbsp;<\/p>\n","protected":false},"excerpt":{"rendered":"<p>Am vergangenen Wochenende war die SG Zons beim Heimspiel der D2 zu Gast am Europaring. Die Jungs von Trainer Hendrik Averdick waren wieder personell geschw\u00e4cht, und das konnte man auch in den ersten Minuten am Spielstand sehen. In der ersten Halbzeit tat sich die Mannschaft schwer, viele Dinge wurden nicht  [&#8230;]<\/p>\n","protected":false},"author":24,"featured_media":7813,"comment_status":"closed","ping_status":"open","sticky":false,"template":"","format":"standard","meta":{"ngg_post_thumbnail":0,"jetpack_post_was_ever_published":false,"_jetpack_newsletter_access":"","_jetpack_dont_email_post_to_subs":true,"_jetpack_newsletter_tier_id":0,"_jetpack_memberships_contains_paywalled_content":false,"_jetpack_memberships_contains_paid_content":false,"footnotes":"","jetpack_publicize_message":"","jetpack_publicize_feature_enabled":true,"jetpack_social_post_already_shared":true,"jetpack_social_options":{"image_generator_settings":{"template":"highway","default_image_id":0,"font":"","enabled":false},"version":2}},"categories":[23],"tags":[],"class_list":["post-7812","post","type-post","status-publish","format-standard","has-post-thumbnail","hentry","category-d-jugend"],"jetpack_publicize_connections":[],"jetpack_featured_media_url":"https:\/\/www.handballratingen.de\/wp\/wp-content\/uploads\/2016\/12\/DSC_3557.jpg","jetpack_sharing_enabled":true,"jetpack_shortlink":"https:\/\/wp.me\/p4Z74q-220","_links":{"self":[{"href":"https:\/\/www.handballratingen.de\/wp\/index.php?rest_route=\/wp\/v2\/posts\/7812","targetHints":{"allow":["GET"]}}],"collection":[{"href":"https:\/\/www.handballratingen.de\/wp\/index.php?rest_route=\/wp\/v2\/posts"}],"about":[{"href":"https:\/\/www.handballratingen.de\/wp\/index.php?rest_route=\/wp\/v2\/types\/post"}],"author":[{"embeddable":true,"href":"https:\/\/www.handballratingen.de\/wp\/index.php?rest_route=\/wp\/v2\/users\/24"}],"replies":[{"embeddable":true,"href":"https:\/\/www.handballratingen.de\/wp\/index.php?rest_route=%2Fwp%2Fv2%2Fcomments&post=7812"}],"version-history":[{"count":1,"href":"https:\/\/www.handballratingen.de\/wp\/index.php?rest_route=\/wp\/v2\/posts\/7812\/revisions"}],"predecessor-version":[{"id":7814,"href":"https:\/\/www.handballratingen.de\/wp\/index.php?rest_route=\/wp\/v2\/posts\/7812\/revisions\/7814"}],"wp:featuredmedia":[{"embeddable":true,"href":"https:\/\/www.handballratingen.de\/wp\/index.php?rest_route=\/wp\/v2\/media\/7813"}],"wp:attachment":[{"href":"https:\/\/www.handballratingen.de\/wp\/index.php?rest_route=%2Fwp%2Fv2%2Fmedia&parent=7812"}],"wp:term":[{"taxonomy":"category","embeddable":true,"href":"https:\/\/www.handballratingen.de\/wp\/index.php?rest_route=%2Fwp%2Fv2%2Fcategories&post=7812"},{"taxonomy":"post_tag","embeddable":true,"href":"https:\/\/www.handballratingen.de\/wp\/index.php?rest_route=%2Fwp%2Fv2%2Ftags&post=7812"}],"curies":[{"name":"wp","href":"https:\/\/api.w.org\/{rel}","templated":true}]}}