{"id":8105,"date":"2017-02-18T20:37:25","date_gmt":"2017-02-18T19:37:25","guid":{"rendered":"http:\/\/handballratingen.de\/wp\/?p=8105"},"modified":"2017-02-19T11:33:13","modified_gmt":"2017-02-19T10:33:13","slug":"samuel-i-und-jacinta-i-zu-besuch-in-der-halle-am-europaring","status":"publish","type":"post","link":"https:\/\/www.handballratingen.de\/wp\/?p=8105","title":{"rendered":"Samuel I. und Jacinta I. zu Besuch in der Halle am Europaring"},"content":{"rendered":"<div id=\"js_4a\" class=\"_5pbx userContent\" data-ft=\"{&quot;tn&quot;:&quot;K&quot;}\">\n<p>Hoher n\u00e4rrischer Besuch beim TV Ratingen: Das Prinzenpaar Samuel I. und Jacinta I. stattete samt Schirmherrn und Gefolge dem gr\u00f6\u00dften Ratinger Sportverein am heutigen Samstag im Rahmen des Heimspieltages der Handballabteilung einen Besuch ab.<\/p>\n<p>Pr\u00e4sidentin Silvia Glander begr\u00fc\u00dfte die Tollit\u00e4ten und \u00fcberreichte zusammen mit Gesch\u00e4ftsstellenleiterin Claudia Erwes-Sidar die Sessionsorden des TV Ratingen an das Prinzenpaar und die Gefolgschaft.. Nat\u00fcrlich revanchierten sich die Narren entsprechend. Der Trainer der ersten Herrenmannschaft Ralf Trimborn erhielt den Orden von Samuel und Jacinta. Der Karnevalsausschuss \u00fcberreichte seinen Orden an die stellvertretende Abteilungsleiterin und Damenwartin Beate Egert. Der f\u00fcr Silvia Glander vorgesehene Orden der Schirmherren wurde einvernehmlich an einen sichtlich stolzen Spieler der F-Jugendmannschaft \u00fcbergeben, um so den Stellenwert der Jugendarbeit in der Handballabteilung und im ganzen TV Ratingen zu unterstreichen.<\/p>\n<p>Mit gro\u00dfem Applaus wurden die Narren verabschiedet. Sie machten die Platte frei f\u00fcr das Verbandsligaspiel der ersten Herren gegen den TB W\u00fclfrath. Der 31.28-Heimsieg der Mannschaft rundete einen gelungenen Sp\u00e4tnachmittag ab. (-mo)<\/p>\n<\/div>\n<p>&nbsp;<\/p>\n<div class=\"fb-post\" data-href=\"https:\/\/www.facebook.com\/TVRatingen.Handball\/posts\/1484677868263583\" data-width=\"552\" style=\"background-color: #fff; display: inline-block;\"><\/div>\n","protected":false},"excerpt":{"rendered":"<p>Hoher n\u00e4rrischer Besuch beim TV Ratingen: Das Prinzenpaar Samuel I. und Jacinta I. stattete samt Schirmherrn und Gefolge dem gr\u00f6\u00dften Ratinger Sportverein am heutigen Samstag im Rahmen des Heimspieltages der Handballabteilung einen Besuch ab. Pr\u00e4sidentin Silvia Glander begr\u00fc\u00dfte die Tollit\u00e4ten und \u00fcberreichte zusammen mit Gesch\u00e4ftsstellenleiterin Claudia Erwes-Sidar die Sessionsorden des  [&#8230;]<\/p>\n","protected":false},"author":24,"featured_media":8106,"comment_status":"closed","ping_status":"open","sticky":false,"template":"","format":"standard","meta":{"ngg_post_thumbnail":0,"jetpack_post_was_ever_published":false,"_jetpack_newsletter_access":"","_jetpack_dont_email_post_to_subs":true,"_jetpack_newsletter_tier_id":0,"_jetpack_memberships_contains_paywalled_content":false,"_jetpack_memberships_contains_paid_content":false,"footnotes":"","jetpack_publicize_message":"","jetpack_publicize_feature_enabled":true,"jetpack_social_post_already_shared":true,"jetpack_social_options":{"image_generator_settings":{"template":"highway","default_image_id":0,"font":"","enabled":false},"version":2}},"categories":[1,27,62],"tags":[],"class_list":["post-8105","post","type-post","status-publish","format-standard","has-post-thumbnail","hentry","category-allgemein","category-f-jugend-2","category-fotoserie"],"jetpack_publicize_connections":[],"jetpack_featured_media_url":"https:\/\/www.handballratingen.de\/wp\/wp-content\/uploads\/2017\/02\/DSC_4124.jpg","jetpack_sharing_enabled":true,"jetpack_shortlink":"https:\/\/wp.me\/p4Z74q-26J","_links":{"self":[{"href":"https:\/\/www.handballratingen.de\/wp\/index.php?rest_route=\/wp\/v2\/posts\/8105","targetHints":{"allow":["GET"]}}],"collection":[{"href":"https:\/\/www.handballratingen.de\/wp\/index.php?rest_route=\/wp\/v2\/posts"}],"about":[{"href":"https:\/\/www.handballratingen.de\/wp\/index.php?rest_route=\/wp\/v2\/types\/post"}],"author":[{"embeddable":true,"href":"https:\/\/www.handballratingen.de\/wp\/index.php?rest_route=\/wp\/v2\/users\/24"}],"replies":[{"embeddable":true,"href":"https:\/\/www.handballratingen.de\/wp\/index.php?rest_route=%2Fwp%2Fv2%2Fcomments&post=8105"}],"version-history":[{"count":2,"href":"https:\/\/www.handballratingen.de\/wp\/index.php?rest_route=\/wp\/v2\/posts\/8105\/revisions"}],"predecessor-version":[{"id":8112,"href":"https:\/\/www.handballratingen.de\/wp\/index.php?rest_route=\/wp\/v2\/posts\/8105\/revisions\/8112"}],"wp:featuredmedia":[{"embeddable":true,"href":"https:\/\/www.handballratingen.de\/wp\/index.php?rest_route=\/wp\/v2\/media\/8106"}],"wp:attachment":[{"href":"https:\/\/www.handballratingen.de\/wp\/index.php?rest_route=%2Fwp%2Fv2%2Fmedia&parent=8105"}],"wp:term":[{"taxonomy":"category","embeddable":true,"href":"https:\/\/www.handballratingen.de\/wp\/index.php?rest_route=%2Fwp%2Fv2%2Fcategories&post=8105"},{"taxonomy":"post_tag","embeddable":true,"href":"https:\/\/www.handballratingen.de\/wp\/index.php?rest_route=%2Fwp%2Fv2%2Ftags&post=8105"}],"curies":[{"name":"wp","href":"https:\/\/api.w.org\/{rel}","templated":true}]}}