{"id":8293,"date":"2017-06-26T19:05:38","date_gmt":"2017-06-26T18:05:38","guid":{"rendered":"http:\/\/handballratingen.de\/wp\/?p=8293"},"modified":"2017-06-26T19:05:38","modified_gmt":"2017-06-26T18:05:38","slug":"b-jugend-sichert-sich-einen-startplatz-in-der-hvn-verbandsliga","status":"publish","type":"post","link":"https:\/\/www.handballratingen.de\/wp\/?p=8293","title":{"rendered":"B-Jugend sichert sich einen Startplatz in der HVN-Verbandsliga"},"content":{"rendered":"<p>Mit einem Ticket f\u00fcr die HVN-Verbandsliga kehrte unsere B-Jugend am Samstag aus M\u00f6nchengladbach zur\u00fcck. Platz drei in der Tabelle des Qualifikationsturniers unter f\u00fcnf teilnehmenden Mannschaften bedeutet: Das Team von Annette Paulsen und Thomas Fischer-Moore spielt in der kommenden Spielzeit 2017\/18 h\u00f6herklassig.<\/p>\n<p>In der Halle in M\u00f6nchengladbach wartete hochklassige Konkurrenz auf die Dumeklemmer. Den Gr\u00fcn-Wei\u00dfen gelang dabei ein optimaler Start in das Turnier, das im Modus &#8222;Jeder gegen jeden&#8220; mit Spielzeit von 20 Minuten ausgetragen wurde. Die Mannschaft des TV Cronenberg wurde deutlich mit 12:7 besiegt. Den Schwung aus diesem Spiel nahm das Team auch in die zweite Partie gegen den Niederbergischen HC mit. Mit 16 geworfenen Toren in\u00a0 20 Minuten best\u00e4tigte die Truppe die gute Angriffsleistung und mit nur zw\u00f6lf Gegentoren war Sieg zwei in Spiel zwei eingefahren.<\/p>\n<p>Die Ausgangssituation war also vor den abschlie\u00dfenden Spielen gegen die HSV Solingen-Gr\u00e4frath und den Gastgeber ATV Biesel optimal. Da schmerzten dann die zum Teil deutlichen Niederlafgen (6:16 gegen Solingen und 7:19 gegen Biesel) nicht mehr. Mit 4:4 Punkten auf Tabellenplatz drei jubelten die Spieler und Trainer \u00fcber das Erreichen der Verbandsliga.<\/p>\n<p>Gl\u00fcckw\u00fcnsche gehen an den Turniersieger Solingen-Gr\u00e4frath f\u00fcr das Erreichen der Oberliga und an den ATV Biesel f\u00fcr den zweiten Tabellenplatz, der zur Teilnahme an einem weiteren Oberliga-Qualiturnier berechtigt. F\u00fcr den TV Ratingen ist es nach der Spielzeit 2015\/16 die zweite Teilnahme einer B-Jugend in der Verbandsliga. Wir freuen uns auf die neue Spielzeit und die Erfolge unserer Nachwuchsarbeit. (-mo)<\/p>\n","protected":false},"excerpt":{"rendered":"<p>Mit einem Ticket f\u00fcr die HVN-Verbandsliga kehrte unsere B-Jugend am Samstag aus M\u00f6nchengladbach zur\u00fcck. Platz drei in der Tabelle des Qualifikationsturniers unter f\u00fcnf teilnehmenden Mannschaften bedeutet: Das Team von Annette Paulsen und Thomas Fischer-Moore spielt in der kommenden Spielzeit 2017\/18 h\u00f6herklassig. In der Halle in M\u00f6nchengladbach wartete hochklassige Konkurrenz auf  [&#8230;]<\/p>\n","protected":false},"author":24,"featured_media":8295,"comment_status":"closed","ping_status":"open","sticky":false,"template":"","format":"standard","meta":{"ngg_post_thumbnail":0,"jetpack_post_was_ever_published":false,"_jetpack_newsletter_access":"","_jetpack_dont_email_post_to_subs":false,"_jetpack_newsletter_tier_id":0,"_jetpack_memberships_contains_paywalled_content":false,"_jetpack_memberships_contains_paid_content":false,"footnotes":"","jetpack_publicize_message":"","jetpack_publicize_feature_enabled":true,"jetpack_social_post_already_shared":true,"jetpack_social_options":{"image_generator_settings":{"template":"highway","default_image_id":0,"font":"","enabled":false},"version":2}},"categories":[19],"tags":[],"class_list":["post-8293","post","type-post","status-publish","format-standard","has-post-thumbnail","hentry","category-b-jugend"],"jetpack_publicize_connections":[],"jetpack_featured_media_url":"https:\/\/www.handballratingen.de\/wp\/wp-content\/uploads\/2017\/06\/IMGP6649-1.jpg","jetpack_sharing_enabled":true,"jetpack_shortlink":"https:\/\/wp.me\/p4Z74q-29L","_links":{"self":[{"href":"https:\/\/www.handballratingen.de\/wp\/index.php?rest_route=\/wp\/v2\/posts\/8293","targetHints":{"allow":["GET"]}}],"collection":[{"href":"https:\/\/www.handballratingen.de\/wp\/index.php?rest_route=\/wp\/v2\/posts"}],"about":[{"href":"https:\/\/www.handballratingen.de\/wp\/index.php?rest_route=\/wp\/v2\/types\/post"}],"author":[{"embeddable":true,"href":"https:\/\/www.handballratingen.de\/wp\/index.php?rest_route=\/wp\/v2\/users\/24"}],"replies":[{"embeddable":true,"href":"https:\/\/www.handballratingen.de\/wp\/index.php?rest_route=%2Fwp%2Fv2%2Fcomments&post=8293"}],"version-history":[{"count":2,"href":"https:\/\/www.handballratingen.de\/wp\/index.php?rest_route=\/wp\/v2\/posts\/8293\/revisions"}],"predecessor-version":[{"id":8296,"href":"https:\/\/www.handballratingen.de\/wp\/index.php?rest_route=\/wp\/v2\/posts\/8293\/revisions\/8296"}],"wp:featuredmedia":[{"embeddable":true,"href":"https:\/\/www.handballratingen.de\/wp\/index.php?rest_route=\/wp\/v2\/media\/8295"}],"wp:attachment":[{"href":"https:\/\/www.handballratingen.de\/wp\/index.php?rest_route=%2Fwp%2Fv2%2Fmedia&parent=8293"}],"wp:term":[{"taxonomy":"category","embeddable":true,"href":"https:\/\/www.handballratingen.de\/wp\/index.php?rest_route=%2Fwp%2Fv2%2Fcategories&post=8293"},{"taxonomy":"post_tag","embeddable":true,"href":"https:\/\/www.handballratingen.de\/wp\/index.php?rest_route=%2Fwp%2Fv2%2Ftags&post=8293"}],"curies":[{"name":"wp","href":"https:\/\/api.w.org\/{rel}","templated":true}]}}