{"id":838,"date":"2013-06-20T14:24:46","date_gmt":"2013-06-20T12:24:46","guid":{"rendered":"http:\/\/handballratingen.de\/wp\/?p=838"},"modified":"2019-02-21T13:47:34","modified_gmt":"2019-02-21T12:47:34","slug":"matthias-baatz-folgt-florian-jacobi-und-wechselt-ebenfalls-zum-tvr","status":"publish","type":"post","link":"https:\/\/www.handballratingen.de\/wp\/?p=838","title":{"rendered":"Matthias Baatz folgt Florian Jacobi und wechselt ebenfalls zum TVR"},"content":{"rendered":"<p><a href=\"http:\/\/handballratingen.de\/wp\/wp-content\/uploads\/2013\/09\/2.jpg\"><img decoding=\"async\" class=\"alignnone size-full wp-image-839\" alt=\"2\" src=\"http:\/\/handballratingen.de\/wp\/wp-content\/uploads\/2013\/09\/2.jpg\" width=\"300\" height=\"200\" \/><\/a><\/p>\n<p>&nbsp;<\/p>\n<p style=\"text-align: justify;\">Nachdem der Mittelmann\u00a0 Florian Jacobi bereits zum TV Ratingen gewechselt ist, folgt nun auch der zweite Neuzugang der Handballabteilung.<\/p>\n<p style=\"text-align: justify;\">Baatz wird als erster\u00a0 Mann im Kasten eingesetzt. Mit seinen 25 Jahren bringt\u00a0 er eine gro\u00dfe Erfahrung als Torh\u00fcter mit nach Ratingen. Seine Torwartlaufbahn begann er beim FC\u00a0 Viktoria Alpen und wechselte sp\u00e4ter in den Seniorenbereich der HSG Wesel, \u00fcber den TV Issum bis zum TV Angermund.<\/p>\n<p style=\"text-align: justify;\">Seinen Wurzeln befinden sich am Niederrhein, wo Baatz auch seinen Lebensmittelpunkt hat. Beruflich\u00a0 ist er im Gro\u00df- und Au\u00dfenhandel als Kaufmann \u00a0eines renommierten Unternehmens t\u00e4tig.<\/p>\n<p style=\"text-align: justify;\">\u201e Ich bin Torwart mit Leib und Seele \u201e gibt Baatz auf Anfrage zu. Ihm ist auch bewusst, dass die 1. Herrenmannschaft \u00a0in der vergangenen Saison \u00a02012\/13 im Keller gespielt hat und nur m\u00fchsam \u00a0das Tageslicht erblickte. Der 2 Meter Keeper, Matthias Baatz, m\u00f6chte seinen Beitrag als Torwart leisten und\u00a0 die Herren des TV Ratingen \u00a0ins Mittelfeld der kommenden Saison r\u00fccken. Baatz verspricht den Kasten zu vernageln und die Mannschaft ohnegleichen von hinten heraus zu motivieren.<\/p>\n<p style=\"text-align: justify;\">Weiterhin hat es der Marketingleiter Ralf Becker geschafft, f\u00fcr die kommende Saison das renommierte Unternehmen\u00a0 KERAMAG aus Ratingen als Sponsor, f\u00fcr die Handballabteilung gewinnen zu k\u00f6nnen. Am Freitag\u00a0 hat\u00a0 die Keramag Keramische Werke AG mit Sitz in Ratingen sowie Werken in Wesel und Haldensleben, einer der f\u00fchrenden deutschen Markenhersteller f\u00fcr Sanit\u00e4rkeramik den neuen Torwart vorgestellt.<br \/>\nKeramag schreibt seit mehr als 100 Jahren erfolgreiche Markengeschichte. Denn die Qualit\u00e4t der Marke zeigt sich im Produkt \u2013 im anspruchsvollen Design, in der Perfektion bis ins Detail, einer zukunftsorientierten Technik, dem hohen Komfort und der langlebigen Zuverl\u00e4ssigkeit. \u00a0Das fein aufeinander abgestimmte Produktprogramm wird jedem Anspruch gerecht \u2013 ob im privaten oder im \u00f6ffentlich-gewerblichen Bereich.<\/p>\n","protected":false},"excerpt":{"rendered":"<p>&nbsp; Nachdem der Mittelmann\u00a0 Florian Jacobi bereits zum TV Ratingen gewechselt ist, folgt nun auch der zweite Neuzugang der Handballabteilung. Baatz wird als erster\u00a0 Mann im Kasten eingesetzt. Mit seinen 25 Jahren bringt\u00a0 er eine gro\u00dfe Erfahrung als Torh\u00fcter mit nach Ratingen. Seine Torwartlaufbahn begann er beim FC\u00a0 Viktoria Alpen  [&#8230;]<\/p>\n","protected":false},"author":1,"featured_media":0,"comment_status":"open","ping_status":"open","sticky":false,"template":"","format":"standard","meta":{"ngg_post_thumbnail":0,"jetpack_post_was_ever_published":false,"_jetpack_newsletter_access":"","_jetpack_dont_email_post_to_subs":false,"_jetpack_newsletter_tier_id":0,"_jetpack_memberships_contains_paywalled_content":false,"_jetpack_memberships_contains_paid_content":false,"footnotes":"","jetpack_publicize_message":"","jetpack_publicize_feature_enabled":true,"jetpack_social_post_already_shared":false,"jetpack_social_options":{"image_generator_settings":{"template":"highway","default_image_id":0,"font":"","enabled":false},"version":2}},"categories":[9,1],"tags":[],"class_list":["post-838","post","type-post","status-publish","format-standard","hentry","category-1-herren","category-allgemein"],"jetpack_publicize_connections":[],"jetpack_featured_media_url":"","jetpack_sharing_enabled":true,"jetpack_shortlink":"https:\/\/wp.me\/p4Z74q-dw","_links":{"self":[{"href":"https:\/\/www.handballratingen.de\/wp\/index.php?rest_route=\/wp\/v2\/posts\/838","targetHints":{"allow":["GET"]}}],"collection":[{"href":"https:\/\/www.handballratingen.de\/wp\/index.php?rest_route=\/wp\/v2\/posts"}],"about":[{"href":"https:\/\/www.handballratingen.de\/wp\/index.php?rest_route=\/wp\/v2\/types\/post"}],"author":[{"embeddable":true,"href":"https:\/\/www.handballratingen.de\/wp\/index.php?rest_route=\/wp\/v2\/users\/1"}],"replies":[{"embeddable":true,"href":"https:\/\/www.handballratingen.de\/wp\/index.php?rest_route=%2Fwp%2Fv2%2Fcomments&post=838"}],"version-history":[{"count":1,"href":"https:\/\/www.handballratingen.de\/wp\/index.php?rest_route=\/wp\/v2\/posts\/838\/revisions"}],"predecessor-version":[{"id":843,"href":"https:\/\/www.handballratingen.de\/wp\/index.php?rest_route=\/wp\/v2\/posts\/838\/revisions\/843"}],"wp:attachment":[{"href":"https:\/\/www.handballratingen.de\/wp\/index.php?rest_route=%2Fwp%2Fv2%2Fmedia&parent=838"}],"wp:term":[{"taxonomy":"category","embeddable":true,"href":"https:\/\/www.handballratingen.de\/wp\/index.php?rest_route=%2Fwp%2Fv2%2Fcategories&post=838"},{"taxonomy":"post_tag","embeddable":true,"href":"https:\/\/www.handballratingen.de\/wp\/index.php?rest_route=%2Fwp%2Fv2%2Ftags&post=838"}],"curies":[{"name":"wp","href":"https:\/\/api.w.org\/{rel}","templated":true}]}}