{"id":9137,"date":"2017-11-28T20:58:05","date_gmt":"2017-11-28T19:58:05","guid":{"rendered":"http:\/\/handballratingen.de\/wp\/?p=9137"},"modified":"2017-11-28T20:58:05","modified_gmt":"2017-11-28T19:58:05","slug":"bilder-vom-verbandsligaspiel-der-b-jugend-gegen-rheydt","status":"publish","type":"post","link":"https:\/\/www.handballratingen.de\/wp\/?p=9137","title":{"rendered":"Bilder vom Verbandsligaspiel der B-Jugend gegen Rheydt"},"content":{"rendered":"<p>Knappe Niederlage f\u00fcr unsere B1-Jugend am vergangenen Samstag beim Heimspiel gegen den Rheydter TV. Zum Schlu\u00df einer \u00fcberaus hektischen Partie stand ein 27:28 f\u00fcr die G\u00e4ste auf der Anzeigetafel, die Jungs des Trainergespanns Annette Paulsen und Thomas Fischer-Moore schafften es nicht, ihre 14:10-Halbzeitf\u00fchrung \u00fcber die Spielzeit zu bringen.<\/p>\n<p>Zwar konnte sich das Team wieder einmal bei einem engen Spielausgang nicht selbst belohnen, zeigte aber eine tadellose k\u00e4mpferische Leistung. Kopf hoch Jungs, beim n\u00e4chsten Mal ist Fortuna auf Eurer Seite.<\/p>\n<p><strong>Hinweis:<\/strong> Zu den Bildern auf Facebook gelangt Ihr, wenn Ihr den Link der Zeitangabe unterhalb von <em>TV Ratingen Handball<\/em> anklickt.<\/p>\n<div class=\"fb-post\" data-href=\"https:\/\/www.facebook.com\/TVRatingen.Handball\/posts\/1769584456439588\" data-width=\"552\" style=\"background-color: #fff; display: inline-block;\"><\/div>\n","protected":false},"excerpt":{"rendered":"<p>Knappe Niederlage f\u00fcr unsere B1-Jugend am vergangenen Samstag beim Heimspiel gegen den Rheydter TV. Zum Schlu\u00df einer \u00fcberaus hektischen Partie stand ein 27:28 f\u00fcr die G\u00e4ste auf der Anzeigetafel, die Jungs des Trainergespanns Annette Paulsen und Thomas Fischer-Moore schafften es nicht, ihre 14:10-Halbzeitf\u00fchrung \u00fcber die Spielzeit zu bringen. Zwar konnte  [&#8230;]<\/p>\n","protected":false},"author":24,"featured_media":9138,"comment_status":"closed","ping_status":"open","sticky":false,"template":"","format":"standard","meta":{"ngg_post_thumbnail":0,"jetpack_post_was_ever_published":false,"_jetpack_newsletter_access":"","_jetpack_dont_email_post_to_subs":false,"_jetpack_newsletter_tier_id":0,"_jetpack_memberships_contains_paywalled_content":false,"_jetpack_memberships_contains_paid_content":false,"footnotes":"","jetpack_publicize_message":"","jetpack_publicize_feature_enabled":true,"jetpack_social_post_already_shared":true,"jetpack_social_options":{"image_generator_settings":{"template":"highway","default_image_id":0,"font":"","enabled":false},"version":2}},"categories":[19,62],"tags":[],"class_list":["post-9137","post","type-post","status-publish","format-standard","has-post-thumbnail","hentry","category-b-jugend","category-fotoserie"],"jetpack_publicize_connections":[],"jetpack_featured_media_url":"https:\/\/www.handballratingen.de\/wp\/wp-content\/uploads\/2017\/11\/IMGP3863-1.jpg","jetpack_sharing_enabled":true,"jetpack_shortlink":"https:\/\/wp.me\/p4Z74q-2nn","_links":{"self":[{"href":"https:\/\/www.handballratingen.de\/wp\/index.php?rest_route=\/wp\/v2\/posts\/9137","targetHints":{"allow":["GET"]}}],"collection":[{"href":"https:\/\/www.handballratingen.de\/wp\/index.php?rest_route=\/wp\/v2\/posts"}],"about":[{"href":"https:\/\/www.handballratingen.de\/wp\/index.php?rest_route=\/wp\/v2\/types\/post"}],"author":[{"embeddable":true,"href":"https:\/\/www.handballratingen.de\/wp\/index.php?rest_route=\/wp\/v2\/users\/24"}],"replies":[{"embeddable":true,"href":"https:\/\/www.handballratingen.de\/wp\/index.php?rest_route=%2Fwp%2Fv2%2Fcomments&post=9137"}],"version-history":[{"count":1,"href":"https:\/\/www.handballratingen.de\/wp\/index.php?rest_route=\/wp\/v2\/posts\/9137\/revisions"}],"predecessor-version":[{"id":9139,"href":"https:\/\/www.handballratingen.de\/wp\/index.php?rest_route=\/wp\/v2\/posts\/9137\/revisions\/9139"}],"wp:featuredmedia":[{"embeddable":true,"href":"https:\/\/www.handballratingen.de\/wp\/index.php?rest_route=\/wp\/v2\/media\/9138"}],"wp:attachment":[{"href":"https:\/\/www.handballratingen.de\/wp\/index.php?rest_route=%2Fwp%2Fv2%2Fmedia&parent=9137"}],"wp:term":[{"taxonomy":"category","embeddable":true,"href":"https:\/\/www.handballratingen.de\/wp\/index.php?rest_route=%2Fwp%2Fv2%2Fcategories&post=9137"},{"taxonomy":"post_tag","embeddable":true,"href":"https:\/\/www.handballratingen.de\/wp\/index.php?rest_route=%2Fwp%2Fv2%2Ftags&post=9137"}],"curies":[{"name":"wp","href":"https:\/\/api.w.org\/{rel}","templated":true}]}}